{"id":20273,"date":"2026-09-03T11:27:53","date_gmt":"2026-09-03T03:27:53","guid":{"rendered":"https:\/\/www.oscoo.com\/?p=20273"},"modified":"2026-09-03T11:27:56","modified_gmt":"2026-09-03T03:27:56","slug":"will-ssd-prices-go-down-in-2027","status":"publish","type":"post","link":"https:\/\/www.oscoo.com\/fr\/news\/will-ssd-prices-go-down-in-2027\/","title":{"rendered":"Les prix des SSD vont-ils baisser en 2027 ?"},"content":{"rendered":"<div data-elementor-type=\"wp-post\" data-elementor-id=\"20273\" class=\"elementor elementor-20273\" data-elementor-post-type=\"post\">\n\t\t\t\t<div class=\"elementor-element elementor-element-2c041005 blog-post-container e-flex e-con-boxed e-con e-parent\" data-id=\"2c041005\" data-element_type=\"container\">\n\t\t\t\t\t<div class=\"e-con-inner\">\n\t\t\t\t<div class=\"elementor-element elementor-element-1310f87 intro elementor-widget elementor-widget-text-editor\" data-id=\"1310f87\" data-element_type=\"widget\" data-widget_type=\"text-editor.default\">\n\t\t\t\t<div class=\"elementor-widget-container\">\n\t\t\t\t\t\t\t<p>Les prix des SSD devraient tr\u00e8s probablement baisser en 2027, mais la p\u00e9riode la plus propice \u00e0 ces baisses de prix devrait plut\u00f4t se situer au cours du second semestre. \u00c0 l'heure actuelle, il semble plus raisonnable de consid\u00e9rer que le premier semestre 2027 restera marqu\u00e9 par des prix \u00e9lev\u00e9s ou des fluctuations importantes. D'ici les troisi\u00e8me et quatri\u00e8me trimestres, \u00e0 mesure que l'offre de m\u00e9moires flash NAND s'am\u00e9liorera, les prix des SSD grand public auront davantage de chances de baisser progressivement. Les pr\u00e9visions actuelles de <a href=\"https:\/\/www.trendforce.com\/presscenter\/news\/20260721-13148.html\" target=\"_blank\" rel=\"noopener\"><span style=\"color: #00ccff;\">TrendForce<\/span><\/a> et Gartner s'accordent \u00e0 indiquer que c'est au cours du second semestre 2027 que l'offre et la demande de m\u00e9moires NAND devraient conna\u00eetre un assouplissement significatif. Cependant, les centres de donn\u00e9es d\u00e9di\u00e9s \u00e0 l\u2019IA continuent de consommer d\u2019importantes quantit\u00e9s de m\u00e9moire NAND ; il est donc plus raisonnable de s\u2019attendre \u00e0 une \u201c normalisation progressive des prix \u201d plut\u00f4t qu\u2019\u00e0 un effondrement g\u00e9n\u00e9ralis\u00e9 et brutal des prix de tous les SSD en 2027.<\/p>\t\t\t\t\t\t<\/div>\n\t\t\t\t<\/div>\n\t\t\t\t<div class=\"elementor-element elementor-element-96f84ef elementor-widget elementor-widget-heading\" data-id=\"96f84ef\" data-element_type=\"widget\" data-widget_type=\"heading.default\">\n\t\t\t\t<div class=\"elementor-widget-container\">\n\t\t\t<h2 class=\"elementor-heading-title elementor-size-default\">Quels sont les facteurs qui d\u00e9terminent le prix des SSD ?<\/h2>\t\t<\/div>\n\t\t\t\t<\/div>\n\t\t\t\t<div class=\"elementor-element elementor-element-d8f9949 elementor-widget elementor-widget-text-editor\" data-id=\"d8f9949\" data-element_type=\"widget\" data-widget_type=\"text-editor.default\">\n\t\t\t\t<div class=\"elementor-widget-container\">\n\t\t\t\t\t\t\t<p>Un SSD ne se r\u00e9sume pas simplement \u00e0 <a href=\"\/fr\/news\/nand-flash-memory-the-foundation-of-the-digital-worlds-memory\/\"><span style=\"color: #00ccff;\">Flash NAND<\/span><\/a>. Elle comprend g\u00e9n\u00e9ralement aussi un <a href=\"\/fr\/news\/the-commander-of-ssds-fully-understand-ssd-controllers\/\"><span style=\"color: #00ccff;\">Contr\u00f4leur SSD<\/span><\/a>, <a href=\"\/fr\/news\/ssd-dram-cache-guide-do-you-need-it\/\"><span style=\"color: #00ccff;\">DRAM<\/span><\/a> ou d\u2019autres m\u00e9moires cache, un circuit imprim\u00e9, des composants de gestion de l\u2019alimentation, un micrologiciel, le bo\u00eetier et d\u2019autres pi\u00e8ces. Cependant, pour les SSD de grande capacit\u00e9, la m\u00e9moire flash NAND constitue g\u00e9n\u00e9ralement l\u2019un des principaux facteurs de co\u00fbt. Par cons\u00e9quent, le cycle des prix du march\u00e9 de la m\u00e9moire NAND influe directement sur le co\u00fbt global des SSD (m\u00eame si les deux ne suivent pas une \u00e9volution parfaitement synchronis\u00e9e). C\u2019est pourquoi, lorsqu\u2019elle analyse les prix des SSD, l\u2019industrie s\u2019int\u00e9resse g\u00e9n\u00e9ralement en premier lieu aux prix contractuels de la m\u00e9moire flash NAND ainsi qu\u2019\u00e0 l\u2019offre et \u00e0 la demande, plut\u00f4t qu\u2019aux seuls prix de vente au d\u00e9tail de quelques marques sur les plateformes de commerce en ligne.<\/p>\t\t\t\t\t\t<\/div>\n\t\t\t\t<\/div>\n\t\t\t\t<div class=\"elementor-element elementor-element-c4d1ac5 elementor-widget elementor-widget-heading\" data-id=\"c4d1ac5\" data-element_type=\"widget\" data-widget_type=\"heading.default\">\n\t\t\t\t<div class=\"elementor-widget-container\">\n\t\t\t<h2 class=\"elementor-heading-title elementor-size-default\">Le rythme de la hausse des prix a commenc\u00e9 \u00e0 ralentir<\/h2>\t\t<\/div>\n\t\t\t\t<\/div>\n\t\t\t\t<div class=\"elementor-element elementor-element-ab0e115 elementor-widget elementor-widget-text-editor\" data-id=\"ab0e115\" data-element_type=\"widget\" data-widget_type=\"text-editor.default\">\n\t\t\t\t<div class=\"elementor-widget-container\">\n\t\t\t\t\t\t\t<p>Bien que les prix de la m\u00e9moire NAND aient fortement augment\u00e9 au cours du premier semestre 2026, un changement notable s'est produit au troisi\u00e8me trimestre. Il est devenu de plus en plus difficile pour les prix de poursuivre leur forte hausse. En juillet 2026, TrendForce pr\u00e9voyait que les prix contractuels de la m\u00e9moire flash NAND allaient <a href=\"https:\/\/www.trendforce.com\/presscenter\/news\/20260703-13134.html\" target=\"_blank\" rel=\"noopener\"><span style=\"color: #00ccff;\">hausse de 10% \u00e0 15%<\/span><\/a> d'un trimestre \u00e0 l'autre au troisi\u00e8me trimestre. Bien que les prix aient continu\u00e9 \u00e0 augmenter, la hausse s'\u00e9tait consid\u00e9rablement ralentie par rapport aux pr\u00e9visions de 70%\u201375% pour le deuxi\u00e8me trimestre. En ao\u00fbt 2026, cette tendance se poursuivait toujours.<\/p>\t\t\t\t\t\t<\/div>\n\t\t\t\t<\/div>\n\t\t\t\t<div class=\"elementor-element elementor-element-9e7b06c elementor-widget elementor-widget-text-editor\" data-id=\"9e7b06c\" data-element_type=\"widget\" data-widget_type=\"text-editor.default\">\n\t\t\t\t<div class=\"elementor-widget-container\">\n\t\t\t\t\t\t\t<p>Les derni\u00e8res donn\u00e9es de march\u00e9 publi\u00e9es par TrendForce montrent que la demande des consommateurs est faible, que la capacit\u00e9 des acheteurs \u00e0 accepter des prix \u00e9lev\u00e9s atteint d\u00e9j\u00e0 ses limites et que certains segments du march\u00e9 NAND sont entr\u00e9s dans une phase de consolidation \u00e0 des prix \u00e9lev\u00e9s. Une \u00e9tude sur les prix contractuels de la m\u00e9moire NAND publi\u00e9e fin ao\u00fbt a \u00e9galement soulign\u00e9 que la dynamique haussi\u00e8re des prix de certains produits s'\u00e9tait consid\u00e9rablement affaiblie. Cela ne signifie pas pour autant que les prix des SSD aient d\u00e9j\u00e0 commenc\u00e9 \u00e0 baisser de mani\u00e8re g\u00e9n\u00e9ralis\u00e9e. Il s'agit plut\u00f4t d'un signal de cycle :\u00a0<\/p><p><strong><em>hausses rapides des prix \u2192 capacit\u00e9 r\u00e9duite des acteurs en aval \u00e0 supporter les co\u00fbts \u2192 achats plus prudents \u2192 ralentissement des hausses de prix \u2192 r\u00e9\u00e9quilibrage progressif de l'offre et de la demande.<\/em><\/strong><\/p>\t\t\t\t\t\t<\/div>\n\t\t\t\t<\/div>\n\t\t\t\t<div class=\"elementor-element elementor-element-bf998ec elementor-widget elementor-widget-shortcode\" data-id=\"bf998ec\" data-element_type=\"widget\" data-widget_type=\"shortcode.default\">\n\t\t\t\t<div class=\"elementor-widget-container\">\n\t\t\t\t\t<div class=\"elementor-shortcode\"><a href=\"\/fr\/product\/md600-password-protected-magnetic-pssd-with-smart-display\/\" id=\"article_banner_md600\"><img decoding=\"async\" src=\"\/wp-content\/uploads\/2026\/08\/MD600-article-banner-1500x600-1.webp\" style=\"widht:100%;\" alt=\"\" title=\"\"><\/a><\/div>\n\t\t\t\t<\/div>\n\t\t\t\t<\/div>\n\t\t\t\t<div class=\"elementor-element elementor-element-b6073ad elementor-widget elementor-widget-heading\" data-id=\"b6073ad\" data-element_type=\"widget\" data-widget_type=\"heading.default\">\n\t\t\t\t<div class=\"elementor-widget-container\">\n\t\t\t<h2 class=\"elementor-heading-title elementor-size-default\">Pourquoi l'ann\u00e9e 2027 pourrait conna\u00eetre une tendance \u00e0 la baisse<\/h2>\t\t<\/div>\n\t\t\t\t<\/div>\n\t\t\t\t<div class=\"elementor-element elementor-element-92eb499 elementor-widget elementor-widget-heading\" data-id=\"92eb499\" data-element_type=\"widget\" data-widget_type=\"heading.default\">\n\t\t\t\t<div class=\"elementor-widget-container\">\n\t\t\t<h3 class=\"elementor-heading-title elementor-size-default\">La demande des consommateurs s'affaiblit<\/h3>\t\t<\/div>\n\t\t\t\t<\/div>\n\t\t\t\t<div class=\"elementor-element elementor-element-8f55f04 elementor-widget elementor-widget-text-editor\" data-id=\"8f55f04\" data-element_type=\"widget\" data-widget_type=\"text-editor.default\">\n\t\t\t\t<div class=\"elementor-widget-container\">\n\t\t\t\t\t\t\t<p>La premi\u00e8re pression provient du c\u00f4t\u00e9 de la demande. Les co\u00fbts \u00e9lev\u00e9s de stockage ont d\u00e9j\u00e0 commenc\u00e9 \u00e0 influencer le comportement d\u2019achat des fabricants d\u2019ordinateurs et de smartphones. Lorsque les prix de la m\u00e9moire NAND continuent d\u2019augmenter, les marques ont plusieurs options courantes, notamment r\u00e9duire leurs achats, retarder le r\u00e9approvisionnement des stocks, diminuer les capacit\u00e9s de stockage de certains produits et r\u00e9percuter les co\u00fbts sur les consommateurs. Toutes ces mesures affaiblissent la demande de m\u00e9moire NAND du c\u00f4t\u00e9 des consommateurs.<\/p>\t\t\t\t\t\t<\/div>\n\t\t\t\t<\/div>\n\t\t\t\t<div class=\"elementor-element elementor-element-fc7fd70 elementor-widget elementor-widget-text-editor\" data-id=\"fc7fd70\" data-element_type=\"widget\" data-widget_type=\"text-editor.default\">\n\t\t\t\t<div class=\"elementor-widget-container\">\n\t\t\t\t\t\t\t<p>En juillet 2026, TrendForce a soulign\u00e9 que la demande en smartphones et en ordinateurs portables restait faible, et que les co\u00fbts \u00e9lev\u00e9s de stockage exer\u00e7aient une pression \u00e9vidente sur les consommateurs et les fabricants d'appareils. En 2027, la faiblesse de la demande des consommateurs devrait rester un facteur d\u00e9terminant sur le march\u00e9 de la m\u00e9moire NAND. Si les march\u00e9s des PC et des smartphones ne parviennent pas \u00e0 absorber davantage de m\u00e9moire NAND alors que l'offre continue d'augmenter, les prix subiront naturellement une pression \u00e0 la baisse.<\/p>\t\t\t\t\t\t<\/div>\n\t\t\t\t<\/div>\n\t\t\t\t<div class=\"elementor-element elementor-element-b89e57f elementor-widget elementor-widget-heading\" data-id=\"b89e57f\" data-element_type=\"widget\" data-widget_type=\"heading.default\">\n\t\t\t\t<div class=\"elementor-widget-container\">\n\t\t\t<h3 class=\"elementor-heading-title elementor-size-default\">Chaque plaquette peut offrir une plus grande capacit\u00e9<\/h3>\t\t<\/div>\n\t\t\t\t<\/div>\n\t\t\t\t<div class=\"elementor-element elementor-element-5c14fa2 elementor-widget elementor-widget-text-editor\" data-id=\"5c14fa2\" data-element_type=\"widget\" data-widget_type=\"text-editor.default\">\n\t\t\t\t<div class=\"elementor-widget-container\">\n\t\t\t\t\t\t\t<p>La deuxi\u00e8me force provient des progr\u00e8s technologiques. L'augmentation de l'offre de m\u00e9moires NAND n'implique pas n\u00e9cessairement la construction imm\u00e9diate d'un grand nombre de nouvelles usines. Les fabricants de m\u00e9moires NAND peuvent produire davantage de capacit\u00e9 de stockage \u00e0 partir d'une quantit\u00e9 similaire de plaquettes, gr\u00e2ce \u00e0 des technologies de fabrication plus avanc\u00e9es, \u00e0 un plus grand nombre de couches d'empilement 3D NAND et \u00e0 des conceptions de puces \u00e0 plus haute densit\u00e9, <a href=\"\/fr\/news\/qlc-ssds-full-rise-a-new-storage-paradigm-for-the-ai-era-balancing-cost-and-performance\/\"><span style=\"color: #00ccff;\">QLC<\/span><\/a>, et d'autres technologies. Le secteur utilise g\u00e9n\u00e9ralement le nombre de bits de sortie pour mesurer cette \u00e9volution. En termes simples, m\u00eame si le nombre de plaquettes produites chaque mois par une usine ne varie pas beaucoup, tant que chaque plaquette offre davantage de bits de stockage, l'offre mondiale effective de capacit\u00e9 NAND augmentera.<\/p>\t\t\t\t\t\t<\/div>\n\t\t\t\t<\/div>\n\t\t\t\t<div class=\"elementor-element elementor-element-140ed0e elementor-widget elementor-widget-text-editor\" data-id=\"140ed0e\" data-element_type=\"widget\" data-widget_type=\"text-editor.default\">\n\t\t\t\t<div class=\"elementor-widget-container\">\n\t\t\t\t\t\t\t<p>TrendForce pr\u00e9voit actuellement que l'augmentation de la production en bits r\u00e9sultant de la migration vers de nouveaux proc\u00e9d\u00e9s, conjugu\u00e9e \u00e0 la mise en service progressive de nouvelles capacit\u00e9s sur le march\u00e9, entra\u00eenera en 2027 une croissance de l'offre de m\u00e9moire NAND sup\u00e9rieure \u00e0 celle de la demande. C'est \u00e9galement la raison principale pour laquelle l'entreprise s'attend \u00e0 ce que les tensions entre l'offre et la demande s'att\u00e9nuent consid\u00e9rablement au second semestre 2027.<\/p>\t\t\t\t\t\t<\/div>\n\t\t\t\t<\/div>\n\t\t\t\t<div class=\"elementor-element elementor-element-3c731fc elementor-widget elementor-widget-heading\" data-id=\"3c731fc\" data-element_type=\"widget\" data-widget_type=\"heading.default\">\n\t\t\t\t<div class=\"elementor-widget-container\">\n\t\t\t<h3 class=\"elementor-heading-title elementor-size-default\">De nouvelles capacit\u00e9s sont progressivement mises en service<\/h3>\t\t<\/div>\n\t\t\t\t<\/div>\n\t\t\t\t<div class=\"elementor-element elementor-element-e593e5f elementor-widget elementor-widget-text-editor\" data-id=\"e593e5f\" data-element_type=\"widget\" data-widget_type=\"text-editor.default\">\n\t\t\t\t<div class=\"elementor-widget-container\">\n\t\t\t\t\t\t\t<p>Outre la modernisation de leurs proc\u00e9d\u00e9s, les fabricants de m\u00e9moires NAND recommencent \u00e9galement \u00e0 accro\u00eetre leurs investissements dans les capacit\u00e9s de production. Dans sa derni\u00e8re analyse du secteur publi\u00e9e en ao\u00fbt 2026, TrendForce a soulign\u00e9 qu\u2019apr\u00e8s avoir contr\u00f4l\u00e9 prudemment leurs d\u00e9penses d\u2019investissement auparavant, les principaux fabricants de m\u00e9moires NAND avaient relanc\u00e9 leurs plans d\u2019expansion de capacit\u00e9 \u00e0 moyen et long terme et s\u2019appuyaient sur des am\u00e9liorations de proc\u00e9d\u00e9s de pointe ainsi que sur la mise en service progressive de nouvelles usines pour r\u00e9pondre \u00e0 la demande de stockage li\u00e9e \u00e0 l\u2019IA. Cependant, une usine de semi-conducteurs ne peut pas produire de m\u00e9moires NAND d\u00e8s le lendemain de l\u2019annonce d\u2019un investissement. De la construction de l\u2019usine \u00e0 l\u2019installation des \u00e9quipements, en passant par la validation des produits et la production en s\u00e9rie, un d\u00e9lai important est n\u00e9cessaire. Par cons\u00e9quent, l\u2019am\u00e9lioration de l\u2019offre de m\u00e9moires NAND en 2027 devrait se faire progressivement plut\u00f4t que par une augmentation soudaine de plusieurs dizaines de points de pourcentage.<\/p>\t\t\t\t\t\t<\/div>\n\t\t\t\t<\/div>\n\t\t\t\t<div class=\"elementor-element elementor-element-955cc06 elementor-widget elementor-widget-heading\" data-id=\"955cc06\" data-element_type=\"widget\" data-widget_type=\"heading.default\">\n\t\t\t\t<div class=\"elementor-widget-container\">\n\t\t\t<h3 class=\"elementor-heading-title elementor-size-default\">Les fabricants chinois de m\u00e9moires NAND constituent \u00e9galement un facteur important<\/h3>\t\t<\/div>\n\t\t\t\t<\/div>\n\t\t\t\t<div class=\"elementor-element elementor-element-2413fcb elementor-widget elementor-widget-text-editor\" data-id=\"2413fcb\" data-element_type=\"widget\" data-widget_type=\"text-editor.default\">\n\t\t\t\t<div class=\"elementor-widget-container\">\n\t\t\t\t\t\t\t<p>L'augmentation des capacit\u00e9s de production des fournisseurs chinois de m\u00e9moire NAND pourrait \u00e9galement modifier l'\u00e9quilibre entre l'offre et la demande en 2027. TrendForce pr\u00e9voit actuellement que, \u00e0 mesure que de nouveaux \u00e9quipements de fabrication entreront en service, la production de m\u00e9moire NAND des fournisseurs chinois augmentera consid\u00e9rablement, et que leur part dans la production mondiale de m\u00e9moire flash NAND en bits pourrait avoisiner les 19%. Il est important de noter que 19% fait r\u00e9f\u00e9rence \u00e0 la part de la production en bits de m\u00e9moire NAND, et non simplement \u00e0 la part de march\u00e9 des SSD. Mais ce chiffre n\u2019en reste pas moins important.<\/p>\t\t\t\t\t\t<\/div>\n\t\t\t\t<\/div>\n\t\t\t\t<div class=\"elementor-element elementor-element-c70d661 elementor-widget elementor-widget-text-editor\" data-id=\"c70d661\" data-element_type=\"widget\" data-widget_type=\"text-editor.default\">\n\t\t\t\t<div class=\"elementor-widget-container\">\n\t\t\t\t\t\t\t<p>Si de nouvelles quantit\u00e9s de m\u00e9moire NAND continuent d'arriver sur le march\u00e9, la concurrence entre les fabricants du monde entier s'intensifiera. Lorsque la croissance de l'offre commence \u00e0 d\u00e9passer celle de la demande, il devient plus difficile pour les fabricants de maintenir les prix de la m\u00e9moire NAND \u00e0 des niveaux extr\u00eamement \u00e9lev\u00e9s. Du point de vue du consommateur, cela signifie g\u00e9n\u00e9ralement que le co\u00fbt par unit\u00e9 de capacit\u00e9, c'est-\u00e0-dire le co\u00fbt par Go ou par To, a plus de chances de baisser.<\/p>\t\t\t\t\t\t<\/div>\n\t\t\t\t<\/div>\n\t\t\t\t<div class=\"elementor-element elementor-element-1a5443a elementor-widget elementor-widget-heading\" data-id=\"1a5443a\" data-element_type=\"widget\" data-widget_type=\"heading.default\">\n\t\t\t\t<div class=\"elementor-widget-container\">\n\t\t\t<h2 class=\"elementor-heading-title elementor-size-default\">Pourquoi les prix des SSD ne devraient pas s'effondrer cette ann\u00e9e<\/h2>\t\t<\/div>\n\t\t\t\t<\/div>\n\t\t\t\t<div class=\"elementor-element elementor-element-6a5df7f elementor-widget elementor-widget-heading\" data-id=\"6a5df7f\" data-element_type=\"widget\" data-widget_type=\"heading.default\">\n\t\t\t\t<div class=\"elementor-widget-container\">\n\t\t\t<h3 class=\"elementor-heading-title elementor-size-default\">Les centres de donn\u00e9es d\u00e9di\u00e9s \u00e0 l'IA ont toujours besoin de grandes quantit\u00e9s de SSD<\/h3>\t\t<\/div>\n\t\t\t\t<\/div>\n\t\t\t\t<div class=\"elementor-element elementor-element-5bdb021 elementor-widget elementor-widget-text-editor\" data-id=\"5bdb021\" data-element_type=\"widget\" data-widget_type=\"text-editor.default\">\n\t\t\t\t<div class=\"elementor-widget-container\">\n\t\t\t\t\t\t\t<p>En ao\u00fbt 2026, la demande en SSD d'entreprise li\u00e9s \u00e0 l'IA restait forte. Les donn\u00e9es publi\u00e9es par TrendForce le 18 ao\u00fbt ont montr\u00e9 que la demande de serveurs d'IA a continu\u00e9 \u00e0 soutenir le march\u00e9 des SSD d'entreprise au deuxi\u00e8me trimestre, et que le march\u00e9 de la m\u00e9moire NAND \u00e9tait toujours confront\u00e9 \u00e0 des tensions d'approvisionnement. Au d\u00e9but du troisi\u00e8me trimestre, bien que la demande en PC et en smartphones ait \u00e9t\u00e9 faible, la demande en SSD d'entreprise destin\u00e9s aux serveurs d'IA est rest\u00e9e forte.<\/p>\t\t\t\t\t\t<\/div>\n\t\t\t\t<\/div>\n\t\t\t\t<div class=\"elementor-element elementor-element-2eb64c5 elementor-widget elementor-widget-text-editor\" data-id=\"2eb64c5\" data-element_type=\"widget\" data-widget_type=\"text-editor.default\">\n\t\t\t\t<div class=\"elementor-widget-container\">\n\t\t\t\t\t\t\t<p>Kioxia a \u00e9galement identifi\u00e9 l\u2019inf\u00e9rence IA, c\u2019est-\u00e0-dire le traitement des donn\u00e9es par l\u2019intelligence artificielle, comme un axe de croissance important pour les m\u00e9moires Flash et les SSD \u00e0 l\u2019avenir. Les documents pr\u00e9sent\u00e9s lors de sa journ\u00e9e des investisseurs 2026 montrent que l\u2019entreprise s\u2019attend \u00e0 ce que la demande sur le march\u00e9 des centres de donn\u00e9es conserve une croissance tr\u00e8s rapide de 2025 \u00e0 2028. Par cons\u00e9quent, deux forces s'opposant pourraient coexister en 2027 : la faiblesse de la demande dans le secteur de l'\u00e9lectronique grand public exercera une pression \u00e0 la baisse sur les prix de la m\u00e9moire NAND. Dans le m\u00eame temps, la demande croissante des centres de donn\u00e9es en mati\u00e8re d'IA soutiendra les prix de la m\u00e9moire NAND. Le prix final des SSD r\u00e9sultera de l'interaction de ces deux forces.<\/p>\t\t\t\t\t\t<\/div>\n\t\t\t\t<\/div>\n\t\t\t\t<div class=\"elementor-element elementor-element-67ae4fc elementor-widget elementor-widget-heading\" data-id=\"67ae4fc\" data-element_type=\"widget\" data-widget_type=\"heading.default\">\n\t\t\t\t<div class=\"elementor-widget-container\">\n\t\t\t<h3 class=\"elementor-heading-title elementor-size-default\">Les fabricants ne risquent pas de provoquer \u00e0 nouveau un exc\u00e9dent d'offre important<\/h3>\t\t<\/div>\n\t\t\t\t<\/div>\n\t\t\t\t<div class=\"elementor-element elementor-element-ab04f62 elementor-widget elementor-widget-text-editor\" data-id=\"ab04f62\" data-element_type=\"widget\" data-widget_type=\"text-editor.default\">\n\t\t\t\t<div class=\"elementor-widget-container\">\n\t\t\t\t\t\t\t<p>Les fabricants de m\u00e9moires NAND ont \u00e9galement connu plusieurs cycles de stockage. Lorsque les fabricants augmentent leur capacit\u00e9 de production de mani\u00e8re trop agressive alors que la demande en PC, smartphones et serveurs chute brusquement, les m\u00e9moires NAND peuvent facilement se retrouver en situation de surproduction importante, ce qui entra\u00eene une chute rapide des prix et des b\u00e9n\u00e9fices. C'est pourquoi les fabricants font d\u00e9sormais preuve d\u2019une plus grande prudence en mati\u00e8re d\u2019augmentation de capacit\u00e9.<\/p>\t\t\t\t\t\t<\/div>\n\t\t\t\t<\/div>\n\t\t\t\t<div class=\"elementor-element elementor-element-c59b2fa elementor-widget elementor-widget-text-editor\" data-id=\"c59b2fa\" data-element_type=\"widget\" data-widget_type=\"text-editor.default\">\n\t\t\t\t<div class=\"elementor-widget-container\">\n\t\t\t\t\t\t\t<p>Selon les derni\u00e8res donn\u00e9es de TrendForce, les fournisseurs commencent \u00e0 relancer l'augmentation de leurs capacit\u00e9s de production tout en continuant \u00e0 faire preuve d'une grande rigueur en mati\u00e8re de capacit\u00e9s et d'investissements, et ils privil\u00e9gient l'affectation de ressources aux m\u00e9moires 3D NAND \u00e0 nombre \u00e9lev\u00e9 de couches, aux produits \u00e0 haute capacit\u00e9 et au stockage d'entreprise. Cela r\u00e9duit la probabilit\u00e9 qu'une offre exc\u00e9dentaire extr\u00eame survienne soudainement en 2027.<\/p>\t\t\t\t\t\t<\/div>\n\t\t\t\t<\/div>\n\t\t\t\t<div class=\"elementor-element elementor-element-c315b51 elementor-widget elementor-widget-heading\" data-id=\"c315b51\" data-element_type=\"widget\" data-widget_type=\"heading.default\">\n\t\t\t\t<div class=\"elementor-widget-container\">\n\t\t\t<h2 class=\"elementor-heading-title elementor-size-default\">Comment pourrait \u00e9voluer l'ann\u00e9e 2027 ?<\/h2>\t\t<\/div>\n\t\t\t\t<\/div>\n\t\t\t\t<div class=\"elementor-element elementor-element-4088717 elementor-widget elementor-widget-text-editor\" data-id=\"4088717\" data-element_type=\"widget\" data-widget_type=\"text-editor.default\">\n\t\t\t\t<div class=\"elementor-widget-container\">\n\t\t\t\t\t\t\t<table><thead><tr><th>Heure<\/th><th>\u00c9volution probable des march\u00e9s des m\u00e9moires NAND et des SSD<\/th><th>Ce que les consommateurs peuvent faire<\/th><\/tr><\/thead><tbody><tr><td>1er trimestre 2027<\/td><td>L'offre reste relativement limit\u00e9e ; les prix pourraient rester \u00e9lev\u00e9s<\/td><td>Achetez si n\u00e9cessaire ; ne misez pas simplement sur une forte baisse<\/td><\/tr><tr><td>2e trimestre 2027<\/td><td>L'offre et la demande se rapprochent progressivement de l'\u00e9quilibre<\/td><td>Commencez \u00e0 suivre l'\u00e9volution des cours<\/td><\/tr><tr><td>3e trimestre 2027<\/td><td>L'am\u00e9lioration de l'offre de m\u00e9moires NAND devient de plus en plus \u00e9vidente<\/td><td>Risque accru de baisses de prix des SSD grand public<\/td><\/tr><tr><td>4e trimestre 2027<\/td><td>Si la croissance de l'offre d\u00e9passe celle de la demande, la pression \u00e0 la baisse sur les prix s'accentue<\/td><td>Cela pourrait constituer une meilleure occasion d'achat<\/td><\/tr><tr><td>2028<\/td><td>Cela d\u00e9pend de la demande en mati\u00e8re d'IA et de la mise en service de nouvelles capacit\u00e9s<\/td><td>Si l'offre continue de s'am\u00e9liorer, le co\u00fbt par To pourrait encore baisser<\/td><\/tr><\/tbody><\/table>\t\t\t\t\t\t<\/div>\n\t\t\t\t<\/div>\n\t\t\t\t<div class=\"elementor-element elementor-element-c5493ed elementor-widget elementor-widget-text-editor\" data-id=\"c5493ed\" data-element_type=\"widget\" data-widget_type=\"text-editor.default\">\n\t\t\t\t<div class=\"elementor-widget-container\">\n\t\t\t\t\t\t\t<p>Ce tableau ne constitue pas une pr\u00e9vision exacte des prix de d\u00e9tail pour chaque trimestre. La conclusion principale qui se d\u00e9gage actuellement des \u00e9tudes men\u00e9es par le secteur est que le second semestre 2027 devrait marquer un tournant significatif dans l'\u00e9quilibre entre l'offre et la demande de m\u00e9moires NAND.\u00a0<span style=\"font-style: inherit; font-weight: inherit;\">TrendForce estime que la faiblesse de la demande des consommateurs, conjugu\u00e9e \u00e0 une augmentation de la production en bits r\u00e9sultant de la migration des proc\u00e9d\u00e9s de fabrication, pourrait faire basculer l\u2019\u00e9quilibre de l\u2019offre de m\u00e9moire NAND d\u2019une situation de p\u00e9nurie \u00e0 un exc\u00e9dent et exercer une pression \u00e0 la baisse sur les prix au second semestre 2027. Le point de vue de Gartner est tr\u00e8s similaire. Dans ses pr\u00e9visions d\u2019avril 2026, le cabinet indiquait que le march\u00e9 des m\u00e9moires NAND serait encore confront\u00e9 \u00e0 une p\u00e9nurie d\u2019approvisionnement importante en 2026 et que, \u00e0 moins d\u2019une baisse significative de la demande li\u00e9e \u00e0 l\u2019IA, aucune am\u00e9lioration notable de l\u2019offre et des prix n\u2019\u00e9tait attendue avant le second semestre 2027. Par cons\u00e9quent, les troisi\u00e8me et quatri\u00e8me trimestres constituent actuellement la p\u00e9riode la plus importante \u00e0 surveiller.<\/span><\/p>\t\t\t\t\t\t<\/div>\n\t\t\t\t<\/div>\n\t\t\t\t<div class=\"elementor-element elementor-element-a687eb5 elementor-widget elementor-widget-heading\" data-id=\"a687eb5\" data-element_type=\"widget\" data-widget_type=\"heading.default\">\n\t\t\t\t<div class=\"elementor-widget-container\">\n\t\t\t<h2 class=\"elementor-heading-title elementor-size-default\">Quels sont les SSD qui ont le plus de chances de baisser de prix ?<\/h2>\t\t<\/div>\n\t\t\t\t<\/div>\n\t\t\t\t<div class=\"elementor-element elementor-element-38a0443 elementor-widget elementor-widget-heading\" data-id=\"38a0443\" data-element_type=\"widget\" data-widget_type=\"heading.default\">\n\t\t\t\t<div class=\"elementor-widget-container\">\n\t\t\t<h3 class=\"elementor-heading-title elementor-size-default\">Disques SSD PCIe 4.0<\/h3>\t\t<\/div>\n\t\t\t\t<\/div>\n\t\t\t\t<div class=\"elementor-element elementor-element-2a957ac elementor-widget elementor-widget-text-editor\" data-id=\"2a957ac\" data-element_type=\"widget\" data-widget_type=\"text-editor.default\">\n\t\t\t\t<div class=\"elementor-widget-container\">\n\t\t\t\t\t\t\t<p>Pour les consommateurs lambda, les SSD NVMe PCIe 4.0 constitueront tr\u00e8s probablement l\u2019une des cat\u00e9gories de produits \u00e0 suivre de tr\u00e8s pr\u00e8s en 2027. D\u2019ici l\u00e0, la technologie PCIe 4.0 aura atteint une grande maturit\u00e9, tout comme les contr\u00f4leurs, les m\u00e9moires NAND et l\u2019\u00e9cosyst\u00e8me des plateformes associ\u00e9s. Dans le m\u00eame temps, les produits PCIe 5.0 continueront de se diriger vers le march\u00e9 haut de gamme. Par cons\u00e9quent, d\u00e8s que les co\u00fbts de la m\u00e9moire NAND auront baiss\u00e9, les produits PCIe 4.0 pourront g\u00e9n\u00e9ralement r\u00e9percuter plus facilement une partie de cette r\u00e9duction des co\u00fbts sur les prix de vente au d\u00e9tail, gr\u00e2ce \u00e0 des cha\u00eenes d\u2019approvisionnement bien rod\u00e9es et \u00e0 la concurrence entre les marques. Pour les jeux, le travail de bureau et la plupart des ordinateurs personnels, les performances du PCIe 4.0 sont d\u00e9j\u00e0 suffisamment \u00e9lev\u00e9es. Ainsi, si votre objectif est le rapport qualit\u00e9-prix plut\u00f4t que les scores aux benchmarks, les SSD PCIe 4.0 de 2 To ou 4 To disponibles en 2027 m\u00e9ritent d\u2019\u00eatre suivis de pr\u00e8s.<\/p>\t\t\t\t\t\t<\/div>\n\t\t\t\t<\/div>\n\t\t\t\t<div class=\"elementor-element elementor-element-b9f6d4a elementor-widget elementor-widget-heading\" data-id=\"b9f6d4a\" data-element_type=\"widget\" data-widget_type=\"heading.default\">\n\t\t\t\t<div class=\"elementor-widget-container\">\n\t\t\t<h3 class=\"elementor-heading-title elementor-size-default\">SSD SATA<\/h3>\t\t<\/div>\n\t\t\t\t<\/div>\n\t\t\t\t<div class=\"elementor-element elementor-element-c03e69d elementor-widget elementor-widget-text-editor\" data-id=\"c03e69d\" data-element_type=\"widget\" data-widget_type=\"text-editor.default\">\n\t\t\t\t<div class=\"elementor-widget-container\">\n\t\t\t\t\t\t\t<p><a href=\"\/fr\/news\/what-is-a-sata-ssd\/\"><span style=\"color: #00ccff;\">SSD SATA<\/span><\/a> pourraient \u00e9galement b\u00e9n\u00e9ficier de prix int\u00e9ressants. Leur technologie est d\u00e9j\u00e0 tr\u00e8s aboutie, tandis que la nouvelle demande en mati\u00e8re de hautes performances s'oriente de plus en plus vers le NVMe. Cependant, il n'existe actuellement pas suffisamment de pr\u00e9visions fiables du secteur pour affirmer que la baisse des prix des SSD SATA en 2027 sera n\u00e9cessairement plus importante que celle des SSD PCIe 4.0. Par cons\u00e9quent, pour les ordinateurs plus anciens, si l'appareil ne prend en charge que le SATA, il est tout \u00e0 fait raisonnable de surveiller les prix. Mais si l'ordinateur prend en charge le NVMe, il convient de comparer le prix r\u00e9el par To plut\u00f4t que de partir du principe que le SATA est toujours moins cher.<\/p>\t\t\t\t\t\t<\/div>\n\t\t\t\t<\/div>\n\t\t\t\t<div class=\"elementor-element elementor-element-d7f518a elementor-widget elementor-widget-heading\" data-id=\"d7f518a\" data-element_type=\"widget\" data-widget_type=\"heading.default\">\n\t\t\t\t<div class=\"elementor-widget-container\">\n\t\t\t<h3 class=\"elementor-heading-title elementor-size-default\">Disques SSD PCIe 5.0<\/h3>\t\t<\/div>\n\t\t\t\t<\/div>\n\t\t\t\t<div class=\"elementor-element elementor-element-1a2ec98 elementor-widget elementor-widget-text-editor\" data-id=\"1a2ec98\" data-element_type=\"widget\" data-widget_type=\"text-editor.default\">\n\t\t\t\t<div class=\"elementor-widget-container\">\n\t\t\t\t\t\t\t<p>Les SSD PCIe 5.0 pourraient \u00e9galement voir leur prix baisser \u00e0 mesure que le co\u00fbt de la m\u00e9moire NAND diminue. Cependant, leur prix global est \u00e9galement influenc\u00e9 par les contr\u00f4leurs haute performance, les syst\u00e8mes de refroidissement et les nouvelles versions des produits. En d\u2019autres termes, m\u00eame si la m\u00e9moire NAND de m\u00eame qualit\u00e9 devient moins ch\u00e8re, les fabricants peuvent tout de m\u00eame maintenir des prix relativement \u00e9lev\u00e9s sur le segment haut de gamme en lan\u00e7ant de nouveaux produits plus rapides. Par cons\u00e9quent, le PCIe 5.0 pourrait devenir moins cher, mais il ne deviendra peut-\u00eatre pas le produit le plus rentable en termes de capacit\u00e9.<\/p>\t\t\t\t\t\t<\/div>\n\t\t\t\t<\/div>\n\t\t\t\t<div class=\"elementor-element elementor-element-5b2fa66 elementor-widget elementor-widget-heading\" data-id=\"5b2fa66\" data-element_type=\"widget\" data-widget_type=\"heading.default\">\n\t\t\t\t<div class=\"elementor-widget-container\">\n\t\t\t<h3 class=\"elementor-heading-title elementor-size-default\">SSD d'entreprise<\/h3>\t\t<\/div>\n\t\t\t\t<\/div>\n\t\t\t\t<div class=\"elementor-element elementor-element-6d98956 elementor-widget elementor-widget-text-editor\" data-id=\"6d98956\" data-element_type=\"widget\" data-widget_type=\"text-editor.default\">\n\t\t\t\t<div class=\"elementor-widget-container\">\n\t\t\t\t\t\t\t<p>La situation concernant <a href=\"\/fr\/products-category\/enterprise-ssd\/\"><span style=\"color: #00ccff;\">SSD d'entreprise<\/span><\/a> est tout \u00e0 fait diff\u00e9rente. Au troisi\u00e8me trimestre 2026, les donn\u00e9es de TrendForce ont montr\u00e9 que, bien que la hausse des prix contractuels des SSD d\u2019entreprise se soit ralentie par rapport \u00e0 auparavant, les prix devaient tout de m\u00eame augmenter de 20% \u00e0 25%. La demande li\u00e9e \u00e0 l\u2019IA et aux serveurs continue de soutenir clairement ce march\u00e9. Par cons\u00e9quent, m\u00eame si les prix des m\u00e9moires NAND grand public commencent \u00e0 subir une pression \u00e0 la baisse en 2027, ceux des SSD d\u2019entreprise \u00e0 haute capacit\u00e9 ne devraient pas conna\u00eetre de chute brutale dans la m\u00eame p\u00e9riode.<\/p>\t\t\t\t\t\t<\/div>\n\t\t\t\t<\/div>\n\t\t\t\t<div class=\"elementor-element elementor-element-db38f8b elementor-widget elementor-widget-shortcode\" data-id=\"db38f8b\" data-element_type=\"widget\" data-widget_type=\"shortcode.default\">\n\t\t\t\t<div class=\"elementor-widget-container\">\n\t\t\t\t\t<div class=\"elementor-shortcode\"><a href=\"\/fr\/products-category\/enterprise-ssd\/\"><img decoding=\"async\" src=\"\/wp-content\/uploads\/2026\/06\/OSCOO-enterprise-SSDs-product-line.webp\" style=\"widht:100%;\" alt=\"\" title=\"\"><\/a><\/div>\n\t\t\t\t<\/div>\n\t\t\t\t<\/div>\n\t\t\t\t<div class=\"elementor-element elementor-element-7e74043 elementor-widget elementor-widget-heading\" data-id=\"7e74043\" data-element_type=\"widget\" data-widget_type=\"heading.default\">\n\t\t\t\t<div class=\"elementor-widget-container\">\n\t\t\t<h2 class=\"elementor-heading-title elementor-size-default\">Trois sc\u00e9narios possibles en mati\u00e8re de prix<\/h2>\t\t<\/div>\n\t\t\t\t<\/div>\n\t\t\t\t<div class=\"elementor-element elementor-element-4e8227b elementor-widget elementor-widget-text-editor\" data-id=\"4e8227b\" data-element_type=\"widget\" data-widget_type=\"text-editor.default\">\n\t\t\t\t<div class=\"elementor-widget-container\">\n\t\t\t\t\t\t\t<table>\n  <thead>\n    <tr>\n      <th>Sc\u00e9nario<\/th>\n      <th>Demande en stockage pour l'IA<\/th>\n      <th>Offre de m\u00e9moires NAND<\/th>\n      <th>Tendances en mati\u00e8re de SSD en 2027<\/th>\n    <\/tr>\n  <\/thead>\n  <tbody>\n    <tr>\n      <td>L'IA continue de d\u00e9passer les attentes<\/td>\n      <td>Tr\u00e8s solide<\/td>\n      <td>En pleine croissance, mais toujours absorb\u00e9e<\/td>\n      <td>Baisse mod\u00e9r\u00e9e, ou les prix pourraient continuer \u00e0 fluctuer \u00e0 des niveaux \u00e9lev\u00e9s<\/td>\n    <\/tr>\n    <tr>\n      <td>L'IA se d\u00e9veloppe normalement<\/td>\n      <td>Continue de cro\u00eetre<\/td>\n      <td>La croissance de l'offre d\u00e9passe progressivement celle de la demande<\/td>\n      <td>Les prix baissent progressivement au cours du second semestre<\/td>\n    <\/tr>\n    <tr>\n      <td>Les investissements dans l'IA connaissent un ralentissement significatif<\/td>\n      <td>Ralentit consid\u00e9rablement<\/td>\n      <td>L'offre continue d'augmenter<\/td>\n      <td>Une baisse des prix plus marqu\u00e9e pourrait se produire<\/td>\n    <\/tr>\n  <\/tbody>\n<\/table>\t\t\t\t\t\t<\/div>\n\t\t\t\t<\/div>\n\t\t\t\t<div class=\"elementor-element elementor-element-ee83158 key-point elementor-widget elementor-widget-text-editor\" data-id=\"ee83158\" data-element_type=\"widget\" data-widget_type=\"text-editor.default\">\n\t\t\t\t<div class=\"elementor-widget-container\">\n\t\t\t\t\t\t\t<p>Au vu des informations disponibles en septembre 2026, le deuxi\u00e8me sc\u00e9nario semble le plus appropri\u00e9 comme sc\u00e9nario de r\u00e9f\u00e9rence. En d\u2019autres termes, la croissance de l\u2019IA ne s\u2019arr\u00eatera pas brusquement, mais l\u2019offre de m\u00e9moires NAND s\u2019am\u00e9liorera progressivement \u00e0 mesure que les technologies \u00e9volueront et que de nouvelles capacit\u00e9s seront mises en service. \u00c0 terme, la faiblesse de la demande sur le march\u00e9 grand public et l\u2019augmentation de l\u2019offre de m\u00e9moires NAND entra\u00eeneront des ajustements de prix au second semestre 2027.<\/p>\t\t\t\t\t\t<\/div>\n\t\t\t\t<\/div>\n\t\t\t\t<div class=\"elementor-element elementor-element-d70c142 elementor-widget elementor-widget-heading\" data-id=\"d70c142\" data-element_type=\"widget\" data-widget_type=\"heading.default\">\n\t\t\t\t<div class=\"elementor-widget-container\">\n\t\t\t<h2 class=\"elementor-heading-title elementor-size-default\">Comment identifier le v\u00e9ritable point d'inflexion des baisses de prix<\/h2>\t\t<\/div>\n\t\t\t\t<\/div>\n\t\t\t\t<div class=\"elementor-element elementor-element-72d4102 elementor-widget elementor-widget-heading\" data-id=\"72d4102\" data-element_type=\"widget\" data-widget_type=\"heading.default\">\n\t\t\t\t<div class=\"elementor-widget-container\">\n\t\t\t<h3 class=\"elementor-heading-title elementor-size-default\">Prix contractuels de la m\u00e9moire flash NAND<\/h3>\t\t<\/div>\n\t\t\t\t<\/div>\n\t\t\t\t<div class=\"elementor-element elementor-element-b5230ad elementor-widget elementor-widget-text-editor\" data-id=\"b5230ad\" data-element_type=\"widget\" data-widget_type=\"text-editor.default\">\n\t\t\t\t<div class=\"elementor-widget-container\">\n\t\t\t\t\t\t\t<p>Il s'agit l\u00e0 de l'un des indicateurs les plus importants. Si les prix contractuels de la m\u00e9moire NAND passent d'une tendance \u00e0 la hausse \u00e0 une tendance \u00e0 la baisse et que cette tendance se poursuit pendant plus d'un trimestre, cela signifie g\u00e9n\u00e9ralement que l'\u00e9quilibre entre l'offre et la demande a subi un changement substantiel. Si les prix baissent de mani\u00e8re significative pendant deux trimestres cons\u00e9cutifs, la r\u00e9duction des co\u00fbts subie par les fabricants de SSD a plus de chances d'\u00eatre r\u00e9percut\u00e9e sur le march\u00e9 final.<\/p>\t\t\t\t\t\t<\/div>\n\t\t\t\t<\/div>\n\t\t\t\t<div class=\"elementor-element elementor-element-625ca79 elementor-widget elementor-widget-heading\" data-id=\"625ca79\" data-element_type=\"widget\" data-widget_type=\"heading.default\">\n\t\t\t\t<div class=\"elementor-widget-container\">\n\t\t\t<h3 class=\"elementor-heading-title elementor-size-default\">Prix des plaquettes NAND<\/h3>\t\t<\/div>\n\t\t\t\t<\/div>\n\t\t\t\t<div class=\"elementor-element elementor-element-188bc6d elementor-widget elementor-widget-text-editor\" data-id=\"188bc6d\" data-element_type=\"widget\" data-widget_type=\"text-editor.default\">\n\t\t\t\t<div class=\"elementor-widget-container\">\n\t\t\t\t\t\t\t<p>Les prix au comptant et contractuels des plaquettes NAND peuvent refl\u00e9ter assez t\u00f4t les \u00e9volutions de l'offre et de la demande en amont. Par exemple, en juillet 2026, TrendForce a constat\u00e9 que les co\u00fbts \u00e9lev\u00e9s des m\u00e9moires NAND et la faiblesse de la demande des consommateurs avaient entra\u00een\u00e9 une chute spectaculaire des volumes de transactions sur le march\u00e9 des plaquettes, tandis que les prix des m\u00e9moires TLC et QLC grand public \u00e9taient entr\u00e9s dans une phase de stagnation. Si une \u00e9volution similaire venait \u00e0 passer d\u2019un \u201c arr\u00eat de la hausse \u201d \u00e0 une \u201c baisse continue \u201d, cela constituerait un signal tr\u00e8s pr\u00e9cieux.<\/p>\t\t\t\t\t\t<\/div>\n\t\t\t\t<\/div>\n\t\t\t\t<div class=\"elementor-element elementor-element-01b2f2f elementor-widget elementor-widget-heading\" data-id=\"01b2f2f\" data-element_type=\"widget\" data-widget_type=\"heading.default\">\n\t\t\t\t<div class=\"elementor-widget-container\">\n\t\t\t<h3 class=\"elementor-heading-title elementor-size-default\">Stocks des fabricants de m\u00e9moires NAND<\/h3>\t\t<\/div>\n\t\t\t\t<\/div>\n\t\t\t\t<div class=\"elementor-element elementor-element-54ba2b3 elementor-widget elementor-widget-text-editor\" data-id=\"54ba2b3\" data-element_type=\"widget\" data-widget_type=\"text-editor.default\">\n\t\t\t\t<div class=\"elementor-widget-container\">\n\t\t\t\t\t\t\t<p>Les stocks constituent \u00e9galement un indicateur classique du cycle de la m\u00e9moire. Lorsque les stocks des fournisseurs sont tr\u00e8s faibles, les fabricants disposent d'un pouvoir de n\u00e9gociation plus important. Lorsque les stocks continuent d'augmenter, cela signifie que l'offre commence \u00e0 d\u00e9passer les achats r\u00e9els. Si les stocks des fabricants de m\u00e9moires NAND et des fabricants de modules augmentent tous deux de mani\u00e8re significative en m\u00eame temps, le risque de baisse des prix s'accro\u00eet g\u00e9n\u00e9ralement aussi.<\/p>\t\t\t\t\t\t<\/div>\n\t\t\t\t<\/div>\n\t\t\t\t<div class=\"elementor-element elementor-element-ec5d1a5 elementor-widget elementor-widget-heading\" data-id=\"ec5d1a5\" data-element_type=\"widget\" data-widget_type=\"heading.default\">\n\t\t\t\t<div class=\"elementor-widget-container\">\n\t\t\t<h3 class=\"elementor-heading-title elementor-size-default\">Demande en SSD d'entreprise<\/h3>\t\t<\/div>\n\t\t\t\t<\/div>\n\t\t\t\t<div class=\"elementor-element elementor-element-cb902a9 elementor-widget elementor-widget-text-editor\" data-id=\"cb902a9\" data-element_type=\"widget\" data-widget_type=\"text-editor.default\">\n\t\t\t\t<div class=\"elementor-widget-container\">\n\t\t\t\t\t\t\t<p>La demande en SSD d'entreprise continuant de cro\u00eetre rapidement, les fournisseurs seront incit\u00e9s \u00e0 consacrer davantage de capacit\u00e9 NAND de pointe aux produits destin\u00e9s aux serveurs. Cela limitera la marge de man\u0153uvre pour les baisses de prix des SSD grand public. \u00c0 l'inverse, si la croissance du march\u00e9 des SSD d'entreprise commence \u00e0 ralentir de mani\u00e8re significative, la probabilit\u00e9 que davantage de capacit\u00e9 NAND soit achemin\u00e9e vers le march\u00e9 grand public augmentera.<\/p>\t\t\t\t\t\t<\/div>\n\t\t\t\t<\/div>\n\t\t\t\t<div class=\"elementor-element elementor-element-5a6a25f elementor-widget elementor-widget-heading\" data-id=\"5a6a25f\" data-element_type=\"widget\" data-widget_type=\"heading.default\">\n\t\t\t\t<div class=\"elementor-widget-container\">\n\t\t\t<h3 class=\"elementor-heading-title elementor-size-default\">La question de savoir si de nouvelles capacit\u00e9s ont effectivement \u00e9t\u00e9 mises en service<\/h3>\t\t<\/div>\n\t\t\t\t<\/div>\n\t\t\t\t<div class=\"elementor-element elementor-element-791a0c4 elementor-widget elementor-widget-text-editor\" data-id=\"791a0c4\" data-element_type=\"widget\" data-widget_type=\"text-editor.default\">\n\t\t\t\t<div class=\"elementor-widget-container\">\n\t\t\t\t\t\t\t<p>\u201c L'annonce d'un investissement \u201d ne signifie pas \u201c une augmentation de la capacit\u00e9 \u201d. Ce qui compte vraiment, c'est le moment o\u00f9 une nouvelle ligne de production entame la production en s\u00e9rie. Ce n'est que lorsque les \u00e9quipements de production auront \u00e9t\u00e9 install\u00e9s et valid\u00e9s, et qu'ils seront en mesure de produire de la m\u00e9moire NAND de mani\u00e8re stable, que ce nouvel investissement aura un impact r\u00e9el sur l'offre du march\u00e9.<\/p>\t\t\t\t\t\t<\/div>\n\t\t\t\t<\/div>\n\t\t\t\t<div class=\"elementor-element elementor-element-e1e62c2 elementor-widget elementor-widget-heading\" data-id=\"e1e62c2\" data-element_type=\"widget\" data-widget_type=\"heading.default\">\n\t\t\t\t<div class=\"elementor-widget-container\">\n\t\t\t<h3 class=\"elementor-heading-title elementor-size-default\">D\u00e9penses d'investissement li\u00e9es aux centres de donn\u00e9es d'IA<\/h3>\t\t<\/div>\n\t\t\t\t<\/div>\n\t\t\t\t<div class=\"elementor-element elementor-element-c2d693f elementor-widget elementor-widget-text-editor\" data-id=\"c2d693f\" data-element_type=\"widget\" data-widget_type=\"text-editor.default\">\n\t\t\t\t<div class=\"elementor-widget-container\">\n\t\t\t\t\t\t\t<p>Il s\u2019agit l\u00e0 de l\u2019une des variables externes les plus importantes pour 2027. Gartner pr\u00e9voit que les investissements des fournisseurs de cloud hyperscale dans les infrastructures d\u2019IA continueront d\u2019augmenter de mani\u00e8re significative en 2026, et que ces investissements continueront de stimuler la demande en acc\u00e9l\u00e9rateurs d\u2019IA et en solutions de stockage associ\u00e9es. Si ce boom des investissements se poursuit en 2027, l\u2019am\u00e9lioration de l\u2019\u00e9quilibre entre l\u2019offre et la demande de m\u00e9moire NAND pourrait \u00eatre plus lente que pr\u00e9vu. En revanche, si la croissance des investissements ralentit consid\u00e9rablement, les baisses de prix des SSD pourraient intervenir plus rapidement.<\/p>\t\t\t\t\t\t<\/div>\n\t\t\t\t<\/div>\n\t\t\t\t<div class=\"elementor-element elementor-element-59ff20a elementor-widget elementor-widget-heading\" data-id=\"59ff20a\" data-element_type=\"widget\" data-widget_type=\"heading.default\">\n\t\t\t\t<div class=\"elementor-widget-container\">\n\t\t\t<h2 class=\"elementor-heading-title elementor-size-default\">Faut-il acheter maintenant ou attendre jusqu\u2019en 2027 ?<\/h2>\t\t<\/div>\n\t\t\t\t<\/div>\n\t\t\t\t<div class=\"elementor-element elementor-element-7df8109 elementor-widget elementor-widget-text-editor\" data-id=\"7df8109\" data-element_type=\"widget\" data-widget_type=\"text-editor.default\">\n\t\t\t\t<div class=\"elementor-widget-container\">\n\t\t\t\t\t\t\t<p>Si vous manquez r\u00e9ellement d'espace de stockage d\u00e8s maintenant, il n'y a aucune raison de perturber votre utilisation quotidienne simplement pour attendre une baisse des prix qui ne s'est pas encore produite. Surtout lorsque le manque de capacit\u00e9 de votre ordinateur affecte d\u00e9j\u00e0 votre travail, vos jeux ou la gestion de vos donn\u00e9es, l'achat d'un SSD peut r\u00e9soudre le probl\u00e8me imm\u00e9diatement. Dans ce cas, vous pouvez acheter en fonction de vos besoins r\u00e9els sans parier que 2027 apportera \u00e0 coup s\u00fbr une forte baisse des prix. Mais s\u2019il n\u2019y a pas d\u2019urgence pour le moment \u2014 par exemple, si vous envisagez simplement de passer de 2 To \u00e0 4 To, ou si vous vous appr\u00eatez \u00e0 acheter un SSD pour un futur nouvel ordinateur \u2014, le second semestre 2027 m\u00e9rite d\u2019\u00eatre suivi de pr\u00e8s.<\/p>\t\t\t\t\t\t<\/div>\n\t\t\t\t<\/div>\n\t\t\t\t<div class=\"elementor-element elementor-element-7d03c16 elementor-widget elementor-widget-text-editor\" data-id=\"7d03c16\" data-element_type=\"widget\" data-widget_type=\"text-editor.default\">\n\t\t\t\t<div class=\"elementor-widget-container\">\n\t\t\t\t\t\t\t<table>\n  <thead>\n    <tr>\n      <th>Votre situation<\/th>\n      <th>Un choix plus raisonnable<\/th>\n    <\/tr>\n  <\/thead>\n  <tbody>\n    <tr>\n      <td>La capacit\u00e9 de stockage est d\u00e9j\u00e0 insuffisante<\/td>\n      <td>Achetez selon vos besoins<\/td>\n    <\/tr>\n    <tr>\n      <td>Un SSD est indispensable pour le travail<\/td>\n      <td>N'attendez pas trop longtemps<\/td>\n    <\/tr>\n    <tr>\n      <td>Je souhaite simplement augmenter la capacit\u00e9 de stockage<\/td>\n      <td>On pourra le voir au cours du second semestre 2027<\/td>\n    <\/tr>\n    <tr>\n      <td>Vous souhaitez acheter un disque dur d'une capacit\u00e9 de 4 To ou plus ?<\/td>\n      <td>Il vaut mieux attendre que la situation s'am\u00e9liore pour le $\/TB<\/td>\n    <\/tr>\n    <tr>\n      <td>\u00c0 la recherche d'un excellent rapport qualit\u00e9-prix<\/td>\n      <td>Priorit\u00e9 au PCIe 4.0, une technologie d\u00e9sormais aboutie<\/td>\n    <\/tr>\n    <tr>\n      <td>L'ancienne plateforme ne prend en charge que le SATA<\/td>\n      <td>Comparez les prix r\u00e9els du march\u00e9 des disques SATA et NVMe avant de prendre votre d\u00e9cision<\/td>\n    <\/tr>\n  <\/tbody>\n<\/table>\t\t\t\t\t\t<\/div>\n\t\t\t\t<\/div>\n\t\t\t\t<div class=\"elementor-element elementor-element-9088f8b elementor-widget elementor-widget-heading\" data-id=\"9088f8b\" data-element_type=\"widget\" data-widget_type=\"heading.default\">\n\t\t\t\t<div class=\"elementor-widget-container\">\n\t\t\t<h2 class=\"elementor-heading-title elementor-size-default\">Conclusion<\/h2>\t\t<\/div>\n\t\t\t\t<\/div>\n\t\t\t\t<div class=\"elementor-element elementor-element-144ec51 elementor-widget elementor-widget-text-editor\" data-id=\"144ec51\" data-element_type=\"widget\" data-widget_type=\"text-editor.default\">\n\t\t\t\t<div class=\"elementor-widget-container\">\n\t\t\t\t\t\t\t<p>Les prix des SSD vont-ils baisser en 2027 ? \u00c0 l'heure actuelle, la r\u00e9ponse la plus plausible reste qu'ils baisseront probablement, mais la p\u00e9riode d\u00e9cisive se situera au second semestre. TrendForce pr\u00e9voit que, sous l\u2019effet conjugu\u00e9 d\u2019une faible demande des consommateurs et d\u2019une augmentation de l\u2019offre de bits NAND, la situation de l\u2019offre et de la demande de m\u00e9moire flash NAND passera progressivement d\u2019une situation de raret\u00e9 \u00e0 une situation d\u2019abondance en 2027, ce qui cr\u00e9era une pression \u00e0 la baisse plus marqu\u00e9e sur les prix au second semestre. Gartner estime \u00e9galement que, tant que la demande de stockage li\u00e9e \u00e0 l\u2019IA ne diminuera pas de mani\u00e8re significative, aucune am\u00e9lioration notable de l\u2019offre et des prix de la m\u00e9moire NAND n\u2019est \u00e0 pr\u00e9voir avant le second semestre 2027. Par cons\u00e9quent, il sera particuli\u00e8rement int\u00e9ressant d\u2019observer si la croissance de l\u2019offre de m\u00e9moire NAND au cours des troisi\u00e8me et quatri\u00e8me trimestres 2027 d\u00e9passera effectivement celle de la demande. Si cette pr\u00e9vision se concr\u00e9tise, les SSD de 1 To, 2 To et 4 To utilis\u00e9s par les consommateurs lambda, en particulier les produits PCIe 4.0 arriv\u00e9s \u00e0 maturit\u00e9, auront davantage de chances de b\u00e9n\u00e9ficier d\u2019une am\u00e9lioration tant au niveau des prix que du co\u00fbt par To.<\/p>\t\t\t\t\t\t<\/div>\n\t\t\t\t<\/div>\n\t\t\t\t\t<\/div>\n\t\t\t\t<\/div>\n\t\t\t\t<\/div>","protected":false},"excerpt":{"rendered":"<p>Les prix des SSD devraient tr\u00e8s probablement baisser en 2027, mais la p\u00e9riode la plus propice \u00e0 ces baisses devrait plut\u00f4t se situer au second semestre. \u00c0 l'heure actuelle, il semble plus raisonnable de consid\u00e9rer que le premier semestre 2027 restera marqu\u00e9 par des prix \u00e9lev\u00e9s ou par des fluctuations importantes. <\/p>","protected":false},"author":4,"featured_media":20342,"comment_status":"closed","ping_status":"closed","sticky":false,"template":"","format":"standard","meta":{"_acf_changed":false,"site-sidebar-layout":"default","site-content-layout":"","ast-site-content-layout":"default","site-content-style":"default","site-sidebar-style":"default","ast-global-header-display":"","ast-banner-title-visibility":"","ast-main-header-display":"","ast-hfb-above-header-display":"","ast-hfb-below-header-display":"","ast-hfb-mobile-header-display":"","site-post-title":"","ast-breadcrumbs-content":"","ast-featured-img":"","footer-sml-layout":"","theme-transparent-header-meta":"","adv-header-id-meta":"","stick-header-meta":"","header-above-stick-meta":"","header-main-stick-meta":"","header-below-stick-meta":"","astra-migrate-meta-layouts":"set","ast-page-background-enabled":"default","ast-page-background-meta":{"desktop":{"background-color":"var(--ast-global-color-4)","background-image":"","background-repeat":"repeat","background-position":"center center","background-size":"auto","background-attachment":"scroll","background-type":"","background-media":"","overlay-type":"","overlay-color":"","overlay-opacity":"","overlay-gradient":""},"tablet":{"background-color":"","background-image":"","background-repeat":"repeat","background-position":"center center","background-size":"auto","background-attachment":"scroll","background-type":"","background-media":"","overlay-type":"","overlay-color":"","overlay-opacity":"","overlay-gradient":""},"mobile":{"background-color":"","background-image":"","background-repeat":"repeat","background-position":"center center","background-size":"auto","background-attachment":"scroll","background-type":"","background-media":"","overlay-type":"","overlay-color":"","overlay-opacity":"","overlay-gradient":""}},"ast-content-background-meta":{"desktop":{"background-color":"var(--ast-global-color-5)","background-image":"","background-repeat":"repeat","background-position":"center center","background-size":"auto","background-attachment":"scroll","background-type":"","background-media":"","overlay-type":"","overlay-color":"","overlay-opacity":"","overlay-gradient":""},"tablet":{"background-color":"var(--ast-global-color-5)","background-image":"","background-repeat":"repeat","background-position":"center center","background-size":"auto","background-attachment":"scroll","background-type":"","background-media":"","overlay-type":"","overlay-color":"","overlay-opacity":"","overlay-gradient":""},"mobile":{"background-color":"var(--ast-global-color-5)","background-image":"","background-repeat":"repeat","background-position":"center center","background-size":"auto","background-attachment":"scroll","background-type":"","background-media":"","overlay-type":"","overlay-color":"","overlay-opacity":"","overlay-gradient":""}},"footnotes":""},"categories":[52,347],"tags":[],"class_list":["post-20273","post","type-post","status-publish","format-standard","has-post-thumbnail","hentry","category-industry-news","category-quick-answers"],"acf":[],"_links":{"self":[{"href":"https:\/\/www.oscoo.com\/fr\/wp-json\/wp\/v2\/posts\/20273","targetHints":{"allow":["GET"]}}],"collection":[{"href":"https:\/\/www.oscoo.com\/fr\/wp-json\/wp\/v2\/posts"}],"about":[{"href":"https:\/\/www.oscoo.com\/fr\/wp-json\/wp\/v2\/types\/post"}],"author":[{"embeddable":true,"href":"https:\/\/www.oscoo.com\/fr\/wp-json\/wp\/v2\/users\/4"}],"replies":[{"embeddable":true,"href":"https:\/\/www.oscoo.com\/fr\/wp-json\/wp\/v2\/comments?post=20273"}],"version-history":[{"count":68,"href":"https:\/\/www.oscoo.com\/fr\/wp-json\/wp\/v2\/posts\/20273\/revisions"}],"predecessor-version":[{"id":20341,"href":"https:\/\/www.oscoo.com\/fr\/wp-json\/wp\/v2\/posts\/20273\/revisions\/20341"}],"wp:featuredmedia":[{"embeddable":true,"href":"https:\/\/www.oscoo.com\/fr\/wp-json\/wp\/v2\/media\/20342"}],"wp:attachment":[{"href":"https:\/\/www.oscoo.com\/fr\/wp-json\/wp\/v2\/media?parent=20273"}],"wp:term":[{"taxonomy":"category","embeddable":true,"href":"https:\/\/www.oscoo.com\/fr\/wp-json\/wp\/v2\/categories?post=20273"},{"taxonomy":"post_tag","embeddable":true,"href":"https:\/\/www.oscoo.com\/fr\/wp-json\/wp\/v2\/tags?post=20273"}],"curies":[{"name":"wp","href":"https:\/\/api.w.org\/{rel}","templated":true}]}}